{"id":28693,"date":"2023-04-18T12:33:33","date_gmt":"2023-04-18T15:33:33","guid":{"rendered":"http:\/\/panoramahoy.com\/?p=28693"},"modified":"2023-08-25T14:38:25","modified_gmt":"2023-08-25T17:38:25","slug":"llega-a-los-cines-cuentos-de-la-tierra-la-pelicula-sobre-el-pueblo-mapuche","status":"publish","type":"post","link":"https:\/\/elsurconvos.com\/index.php\/2023\/04\/18\/llega-a-los-cines-cuentos-de-la-tierra-la-pelicula-sobre-el-pueblo-mapuche\/","title":{"rendered":"LLEGA A LOS CINES \u201cCUENTOS DE LA TIERRA\u201d, LA PEL\u00cdCULA SOBRE EL PUEBLO MAPUCHE"},"content":{"rendered":"\n<figure class=\"wp-block-image size-full\"><img loading=\"lazy\" decoding=\"async\" width=\"685\" height=\"453\" src=\"https:\/\/elsurconvos.com\/wp-content\/uploads\/2023\/04\/Captura-de-Pantalla-2023-04-25-a-las-1.05.43-p.-m-1.png\" alt=\"\" class=\"wp-image-30262\" srcset=\"https:\/\/elsurconvos.com\/wp-content\/uploads\/2023\/04\/Captura-de-Pantalla-2023-04-25-a-las-1.05.43-p.-m-1.png 685w, https:\/\/elsurconvos.com\/wp-content\/uploads\/2023\/04\/Captura-de-Pantalla-2023-04-25-a-las-1.05.43-p.-m-1-300x198.png 300w, https:\/\/elsurconvos.com\/wp-content\/uploads\/2023\/04\/Captura-de-Pantalla-2023-04-25-a-las-1.05.43-p.-m-1-600x397.png 600w\" sizes=\"auto, (max-width: 685px) 100vw, 685px\" \/><\/figure>\n\n\n\n<p><\/p>\n\n\n\n<p>La pel\u00edcula dirigida por <strong>Pablo Le\u00f3nidas Nilsenson <\/strong>se estrenar\u00e1 en los cines este <strong>27 de abril<\/strong>. Se trata de una historia que aborda cinco relatos amalgamados por el sentir y pensar que atesora el pueblo Mapuche.\u00a0<\/p>\n\n\n\n<p>Lo interesante de este film es la visi\u00f3n del mundo donde se puede encontrar una mirada nueva, ancestral y po\u00e9tica a la vez que intenta representar fielmente y atesorar el modo de sentir y pensar del pueblo originario. El gui\u00f3n fue escrito por el director y la co-directora, Vivi Su\u00e1rez.<\/p>\n\n\n\n<p><strong>RESUMEN DE LOS CINCO RELATOS:<\/strong><\/p>\n\n\n\n<p>En el primer apartado narra la historia de<strong> Pir\u00e9n<\/strong>, una ni\u00f1a de nueve que hace un largo camino todos los d\u00edas para ir al colegio y para recibir una educaci\u00f3n convencional siendo ella parte del valle Challhuaco y de la escuela Virgen Misionera.<\/p>\n\n\n\n<p>En la segunda parte, un<strong> artista de la m\u00fasica cl\u00e1sica <\/strong>regresa a su ciudad natal varios a\u00f1os despu\u00e9s. Al volver se muestra contento por haber superado la discriminaci\u00f3n y marginaci\u00f3n que sufr\u00eda su pueblo. La locaci\u00f3n para rodar esta segunda historia fue en la estaci\u00f3n Araucan\u00eda, en el centro c\u00edvico y en la costa del lago.<\/p>\n\n\n\n<p>El <strong>locutor Huichaqueo<\/strong> va todos los d\u00edas a una radio hegem\u00f3nica del sur argentino y busca encontrar d\u00eda a d\u00eda el sentir de continuar narrando historias para el pueblo mapuche y lograr un consenso ante el contraste discriminatorio de la gente.&nbsp;<\/p>\n\n\n\n<p>El cuarto relato tiene a<strong> un padre y su hijo<\/strong> que navegan en canoa por un r\u00edo en el cual su madre descansa en paz. Su padre intenta transmitirle la importancia del <strong>gnen ko<\/strong> (guardi\u00e1n o due\u00f1o del agua), que protege el alma de los difuntos. Parte de la trama se rod\u00f3 en el lago Guillelmo y cercan\u00edas.<\/p>\n\n\n\n<p>Por \u00faltimo, la <strong>quinta narraci\u00f3n<\/strong> es protagonizada por Luisa Calcumil y se desarroll\u00f3 en la zona de Ruca Choroy (Neuqu\u00e9n).&nbsp;<\/p>\n\n\n\n<p><strong>Nilsenson <\/strong>es conocido por realizar ficciones y documentales, plasmando realidades humanas sociales y ambientales desde una mirada po\u00e9tica. En ese sentido el director menciona \u201cEn los tiempos abismales que vivimos, encontramos en esta cultura el conocimiento para habitar el mundo en el \u201cBuen Vivir\u201d, y esto nos movi\u00f3 a la utop\u00eda, a la esperanza, a aquello que comenz\u00f3 siendo el motor del hacer\u201d.<\/p>\n\n\n\n<figure class=\"wp-block-embed is-type-video is-provider-youtube wp-block-embed-youtube wp-embed-aspect-16-9 wp-has-aspect-ratio\"><div class=\"wp-block-embed__wrapper\">\n<iframe loading=\"lazy\" title=\"CUENTOS DE LA TIERRA (TRAILER)\" width=\"696\" height=\"392\" src=\"https:\/\/www.youtube.com\/embed\/TfKihJXm18E?feature=oembed\" frameborder=\"0\" allow=\"accelerometer; autoplay; clipboard-write; encrypted-media; gyroscope; picture-in-picture; web-share\" allowfullscreen><\/iframe>\n<\/div><\/figure>\n","protected":false},"excerpt":{"rendered":"<p>La pel\u00edcula dirigida por Pablo Le\u00f3nidas Nilsenson se estrenar\u00e1 en los cines este 27 de abril. Se trata de una historia que aborda cinco relatos amalgamados por el sentir y pensar que atesora el pueblo Mapuche.\u00a0 Lo interesante de este film es la visi\u00f3n del mundo donde se puede encontrar una mirada nueva, ancestral y [&hellip;]<\/p>\n","protected":false},"author":1,"featured_media":30261,"comment_status":"open","ping_status":"open","sticky":false,"template":"","format":"standard","meta":{"_monsterinsights_skip_tracking":false,"_monsterinsights_sitenote_active":false,"_monsterinsights_sitenote_note":"","_monsterinsights_sitenote_category":0,"footnotes":""},"categories":[6479],"tags":[1302,1304,1690,4642,4773,5120,6301],"class_list":{"0":"post-28693","1":"post","2":"type-post","3":"status-publish","4":"format-standard","5":"has-post-thumbnail","7":"category-cultura-nacional","8":"tag-cinco-relatos-del-pueblo-mapuche","9":"tag-cine","10":"tag-cuentos-de-la-tierra","11":"tag-pablo-leonidas-nilsenson","12":"tag-pelicula-cuentos-de-la-tierra","13":"tag-pueblo-mapuche","14":"tag-vivi-suarez"},"aioseo_notices":[],"_links":{"self":[{"href":"https:\/\/elsurconvos.com\/index.php\/wp-json\/wp\/v2\/posts\/28693","targetHints":{"allow":["GET"]}}],"collection":[{"href":"https:\/\/elsurconvos.com\/index.php\/wp-json\/wp\/v2\/posts"}],"about":[{"href":"https:\/\/elsurconvos.com\/index.php\/wp-json\/wp\/v2\/types\/post"}],"author":[{"embeddable":true,"href":"https:\/\/elsurconvos.com\/index.php\/wp-json\/wp\/v2\/users\/1"}],"replies":[{"embeddable":true,"href":"https:\/\/elsurconvos.com\/index.php\/wp-json\/wp\/v2\/comments?post=28693"}],"version-history":[{"count":2,"href":"https:\/\/elsurconvos.com\/index.php\/wp-json\/wp\/v2\/posts\/28693\/revisions"}],"predecessor-version":[{"id":30263,"href":"https:\/\/elsurconvos.com\/index.php\/wp-json\/wp\/v2\/posts\/28693\/revisions\/30263"}],"wp:featuredmedia":[{"embeddable":true,"href":"https:\/\/elsurconvos.com\/index.php\/wp-json\/wp\/v2\/media\/30261"}],"wp:attachment":[{"href":"https:\/\/elsurconvos.com\/index.php\/wp-json\/wp\/v2\/media?parent=28693"}],"wp:term":[{"taxonomy":"category","embeddable":true,"href":"https:\/\/elsurconvos.com\/index.php\/wp-json\/wp\/v2\/categories?post=28693"},{"taxonomy":"post_tag","embeddable":true,"href":"https:\/\/elsurconvos.com\/index.php\/wp-json\/wp\/v2\/tags?post=28693"}],"curies":[{"name":"wp","href":"https:\/\/api.w.org\/{rel}","templated":true}]}}