{"id":32454,"date":"2025-12-02T11:04:40","date_gmt":"2025-12-02T14:04:40","guid":{"rendered":"https:\/\/elsurconvos.com\/?p=32454"},"modified":"2025-12-03T10:00:25","modified_gmt":"2025-12-03T13:00:25","slug":"preocupa-un-brote-de-coqueluche-ante-la-caida-en-las-coberturas-de-vacunas","status":"publish","type":"post","link":"https:\/\/elsurconvos.com\/index.php\/2025\/12\/02\/preocupa-un-brote-de-coqueluche-ante-la-caida-en-las-coberturas-de-vacunas\/","title":{"rendered":"PREOCUPA UN BROTE DE COQUELUCHE ANTE LA CA\u00cdDA EN LAS COBERTURAS DE VACUNAS"},"content":{"rendered":"\n<p>La Sociedad Argentina de Pediatr\u00eda (SAP) expres\u00f3 su preocupaci\u00f3n por el brote de coqueluche que se registra en el pa\u00eds, caracterizado por su r\u00e1pida propagaci\u00f3n y por haber causado el fallecimiento de ni\u00f1os \u2014cinco de ellos en territorio bonaerense\u2014. Ante esta situaci\u00f3n, remarc\u00f3 la importancia de mantener al d\u00eda todas las vacunas del Calendario Nacional.<br><br>La doctora \u00c1ngela Gentile explic\u00f3 que esta enfermedad, causada por la bacteria Bordetella pertussis, se previene con la vacuna qu\u00edntuple, por lo que resulta sustancial que las personas la reciban los momentos que corresponde, es decir, esquema b\u00e1sico y refuerzos.<\/p>\n\n\n\n<p>Asimismo, la especialista remarc\u00f3 que este agente pat\u00f3geno \u201ces tan peligroso como el virus del sarampi\u00f3n por su \u00edndice de replicaci\u00f3n\u201d, por lo que una persona &#8220;puede contagiar a otras 16 o 18&#8221; que no est\u00e9n adecuadamente protegidas inmunol\u00f3gicamente.<\/p>\n\n\n\n<p>En esa l\u00ednea, recalc\u00f3 que ante una situaci\u00f3n de enfermedad contagiosa y brote, es necesaria una \u201calta cobertura de vacunaci\u00f3n\u201d.<\/p>\n\n\n\n<p>En tanto, de acuerdo al \u00faltimo Bolet\u00edn Epidemiol\u00f3gico bonaerense, &#8220;se registra un brote de coqueluche que motiv\u00f3 la emisi\u00f3n de una alerta provincial el pasado 21 de octubre&#8221;.<\/p>\n\n\n\n<p>De acuerdo a los datos emitidos por el ministerio de Salud bonaerense, durante el 2025, hasta el 22 de noviembre, &#8220;se notificaron 1.320 casos sospechosos de coqueluche de los cuales 337 fueron confirmados&#8221;, de los cuales, el 44 % de los confirmados se concentran en el grupo de hasta un a\u00f1o de edad. Adem\u00e1s, hubo 5 fallecidos.<\/p>\n\n\n\n<p>Fases de la enfermedad<\/p>\n\n\n\n<p>El cuadro cl\u00ednico t\u00edpico del coqueluche y la tos convulsa &#8220;se observa m\u00e1s com\u00fanmente en pacientes pedi\u00e1tricos sin inmunidad previa&#8221;. Se distinguen tres etapas sintom\u00e1ticas secuenciales de la evoluci\u00f3n de la enfermedad:<\/p>\n\n\n\n<ul class=\"wp-block-list\">\n<li>la fase catarral, se caracteriza por una sintomatolog\u00eda similar a un resfr\u00edo com\u00fan con rinitis y tos;<\/li>\n\n\n\n<li>la siguiente etapa es denominada parox\u00edstica por los ataques de tos o paroxismos que van aumentando en frecuencia e intensidad, que terminan generalmente en una inspiraci\u00f3n profunda que produce el silbido caracter\u00edstico llamado estridor inspiratorio. Tambi\u00e9n es frecuente el v\u00f3mito postusivo.<\/li>\n\n\n\n<li>En los reci\u00e9n nacidos y lactantes menores de 6 meses son frecuentes la cianosis (coloraci\u00f3n azul) y apneas. La fase de convalecencia se caracteriza por la disminuci\u00f3n gradual y progresiva de los ataques de tos con desaparici\u00f3n del estridor inspiratorio.<\/li>\n<\/ul>\n\n\n\n<p>Las complicaciones m\u00e1s importantes en los menores de 6 meses son bronconeumon\u00eda, convulsiones, encefalopat\u00eda aguda y da\u00f1o cerebral permanente. Los adultos y adolescentes con inmunidad adquirida por vacunaci\u00f3n o por infecciones previas con el pat\u00f3geno, pueden presentar s\u00edntomas leves o la t\u00edpica tos parox\u00edstica prolongada.<\/p>\n\n\n\n<p>Esquema de vacunaci\u00f3n obligatorio<\/p>\n\n\n\n<p>La vacunaci\u00f3n es la estrategia m\u00e1s importante de prevenci\u00f3n. El Calendario Nacional de Vacunaci\u00f3n incluye un esquema primario de tres dosis durante el primer a\u00f1o de vida con vacuna qu\u00edntuple (a los 2, 4 y 6 meses) y refuerzos a los 15-18 meses (vacuna qu\u00edntuple). A los 5 a\u00f1os, debe aplicarse la triple bacteriana celular.<\/p>\n\n\n\n<p>Luego se contin\u00faa el esquema con vacuna triple bacteriana acelular (DTPa) a los 11 a\u00f1os. Adem\u00e1s, la vacuna DTPa, est\u00e1 incluida para gestantes a partir de la semana 20 y el personal de salud que est\u00e9 en contacto con menores de 12 meses, cada 5 a\u00f1os.<\/p>\n\n\n\n<p>Desde la cartera sanitaria, precisaron adem\u00e1s que para 2025 se observan en la provincia de Buenos Aires &#8220;coberturas de vacunaci\u00f3n contra coqueluche por debajo de la meta (83%), tanto para las dosis previstas en los primeros meses de vida como en las personas gestantes&#8221;.<\/p>\n","protected":false},"excerpt":{"rendered":"<p>La Sociedad Argentina de Pediatr\u00eda (SAP) expres\u00f3 su preocupaci\u00f3n por el brote de coqueluche que se registra en el pa\u00eds, caracterizado por su r\u00e1pida propagaci\u00f3n y por haber causado el fallecimiento de ni\u00f1os \u2014cinco de ellos en territorio bonaerense\u2014. Ante esta situaci\u00f3n, remarc\u00f3 la importancia de mantener al d\u00eda todas las vacunas del Calendario Nacional. [&hellip;]<\/p>\n","protected":false},"author":3,"featured_media":32455,"comment_status":"closed","ping_status":"closed","sticky":false,"template":"","format":"standard","meta":{"_monsterinsights_skip_tracking":false,"_monsterinsights_sitenote_active":false,"_monsterinsights_sitenote_note":"","_monsterinsights_sitenote_category":0,"footnotes":""},"categories":[115],"tags":[6642,7214,5425],"class_list":{"0":"post-32454","1":"post","2":"type-post","3":"status-publish","4":"format-standard","5":"has-post-thumbnail","7":"category-salud-merlo","8":"tag-alerta","9":"tag-coqueluche","10":"tag-salud"},"aioseo_notices":[],"_links":{"self":[{"href":"https:\/\/elsurconvos.com\/index.php\/wp-json\/wp\/v2\/posts\/32454","targetHints":{"allow":["GET"]}}],"collection":[{"href":"https:\/\/elsurconvos.com\/index.php\/wp-json\/wp\/v2\/posts"}],"about":[{"href":"https:\/\/elsurconvos.com\/index.php\/wp-json\/wp\/v2\/types\/post"}],"author":[{"embeddable":true,"href":"https:\/\/elsurconvos.com\/index.php\/wp-json\/wp\/v2\/users\/3"}],"replies":[{"embeddable":true,"href":"https:\/\/elsurconvos.com\/index.php\/wp-json\/wp\/v2\/comments?post=32454"}],"version-history":[{"count":1,"href":"https:\/\/elsurconvos.com\/index.php\/wp-json\/wp\/v2\/posts\/32454\/revisions"}],"predecessor-version":[{"id":32456,"href":"https:\/\/elsurconvos.com\/index.php\/wp-json\/wp\/v2\/posts\/32454\/revisions\/32456"}],"wp:featuredmedia":[{"embeddable":true,"href":"https:\/\/elsurconvos.com\/index.php\/wp-json\/wp\/v2\/media\/32455"}],"wp:attachment":[{"href":"https:\/\/elsurconvos.com\/index.php\/wp-json\/wp\/v2\/media?parent=32454"}],"wp:term":[{"taxonomy":"category","embeddable":true,"href":"https:\/\/elsurconvos.com\/index.php\/wp-json\/wp\/v2\/categories?post=32454"},{"taxonomy":"post_tag","embeddable":true,"href":"https:\/\/elsurconvos.com\/index.php\/wp-json\/wp\/v2\/tags?post=32454"}],"curies":[{"name":"wp","href":"https:\/\/api.w.org\/{rel}","templated":true}]}}