{"id":32539,"date":"2026-02-24T19:18:58","date_gmt":"2026-02-24T22:18:58","guid":{"rendered":"https:\/\/elsurconvos.com\/?p=32539"},"modified":"2026-02-24T19:21:03","modified_gmt":"2026-02-24T22:21:03","slug":"intento-de-robo-en-un-coto-de-castelar-tres-menores-ingresaron-durante-la-madrugada-y-no-lograron-huir","status":"publish","type":"post","link":"https:\/\/elsurconvos.com\/index.php\/2026\/02\/24\/intento-de-robo-en-un-coto-de-castelar-tres-menores-ingresaron-durante-la-madrugada-y-no-lograron-huir\/","title":{"rendered":"INTENTO DE ROBO EN UN COTO DE CASTELAR: TRES MENORES INGRESARON DURANTE LA MADRUGADA Y NO LOGRARON HUIR"},"content":{"rendered":"\n<p>El hecho ocurri\u00f3 en Castelar, donde tres menores de 15 y 16 a\u00f1os fueron detenidos tras ingresar por la fuerza a un local de Coto. Seg\u00fan informaron fuentes del caso, los adolescentes ya hab\u00edan empezado a seleccionar distintos art\u00edculos cuando el accionar de la Polic\u00eda impidi\u00f3 que concretaran la fuga con el bot\u00edn.<br><br>Ocurri\u00f3 este lunes por la madrugada en la sucursal ubicada en Santa Rosa y Leandro N. Alem. Seg\u00fan informaron fuentes policiales, los j\u00f3venes hab\u00edan logrado entrar al local luego de violentar uno de los accesos y, creyendo tener tiempo, juntaron distintos productos que pretend\u00edan sacar del comercio: cortes de carne vacuna, golosinas, bebidas alcoh\u00f3licas e incluso un parlante.<\/p>\n\n\n\n<p>Personal del Grupo T\u00e1ctico Operativo de la Comisar\u00eda 7\u00aa de Mor\u00f3n y del Comando de Patrullas Departamental advirti\u00f3 la puerta da\u00f1ada mientras recorr\u00eda la zona en tareas preventivas. Al ingresar al supermercado, los agentes encontraron a los ladrones todav\u00eda adentro. Los adolescentes intentaron escapar corriendo, pero fueron reducidos a pocos metros.<\/p>\n\n\n\n<p>Los detenidos fueron identificados como T.B.K. (15), U.U.E.P. (16) y T.N.C. (16), y quedaron imputados por robo agravado. La causa qued\u00f3 a cargo de la UFI N\u00ba 2 del Fuero de Responsabilidad Juvenil de Mor\u00f3n, encabezada por el fiscal Pablo Luis Cabrejas, que orden\u00f3 las primeras diligencias para avanzar en la investigaci\u00f3n.<\/p>\n","protected":false},"excerpt":{"rendered":"<p>El hecho ocurri\u00f3 en Castelar, donde tres menores de 15 y 16 a\u00f1os fueron detenidos tras ingresar por la fuerza a un local de Coto. Seg\u00fan informaron fuentes del caso, los adolescentes ya hab\u00edan empezado a seleccionar distintos art\u00edculos cuando el accionar de la Polic\u00eda impidi\u00f3 que concretaran la fuga con el bot\u00edn. Ocurri\u00f3 este [&hellip;]<\/p>\n","protected":false},"author":3,"featured_media":32540,"comment_status":"closed","ping_status":"closed","sticky":false,"template":"","format":"standard","meta":{"_monsterinsights_skip_tracking":false,"_monsterinsights_sitenote_active":false,"_monsterinsights_sitenote_note":"","_monsterinsights_sitenote_category":0,"footnotes":""},"categories":[6469],"tags":[7233,3332,4285,4915],"class_list":{"0":"post-32539","1":"post","2":"type-post","3":"status-publish","4":"format-standard","5":"has-post-thumbnail","7":"category-policiales-nacionales","8":"tag-coto-de-castelar","9":"tag-intento-de-robo","10":"tag-moron","11":"tag-policiales"},"aioseo_notices":[],"_links":{"self":[{"href":"https:\/\/elsurconvos.com\/index.php\/wp-json\/wp\/v2\/posts\/32539","targetHints":{"allow":["GET"]}}],"collection":[{"href":"https:\/\/elsurconvos.com\/index.php\/wp-json\/wp\/v2\/posts"}],"about":[{"href":"https:\/\/elsurconvos.com\/index.php\/wp-json\/wp\/v2\/types\/post"}],"author":[{"embeddable":true,"href":"https:\/\/elsurconvos.com\/index.php\/wp-json\/wp\/v2\/users\/3"}],"replies":[{"embeddable":true,"href":"https:\/\/elsurconvos.com\/index.php\/wp-json\/wp\/v2\/comments?post=32539"}],"version-history":[{"count":1,"href":"https:\/\/elsurconvos.com\/index.php\/wp-json\/wp\/v2\/posts\/32539\/revisions"}],"predecessor-version":[{"id":32541,"href":"https:\/\/elsurconvos.com\/index.php\/wp-json\/wp\/v2\/posts\/32539\/revisions\/32541"}],"wp:featuredmedia":[{"embeddable":true,"href":"https:\/\/elsurconvos.com\/index.php\/wp-json\/wp\/v2\/media\/32540"}],"wp:attachment":[{"href":"https:\/\/elsurconvos.com\/index.php\/wp-json\/wp\/v2\/media?parent=32539"}],"wp:term":[{"taxonomy":"category","embeddable":true,"href":"https:\/\/elsurconvos.com\/index.php\/wp-json\/wp\/v2\/categories?post=32539"},{"taxonomy":"post_tag","embeddable":true,"href":"https:\/\/elsurconvos.com\/index.php\/wp-json\/wp\/v2\/tags?post=32539"}],"curies":[{"name":"wp","href":"https:\/\/api.w.org\/{rel}","templated":true}]}}